{"id":3083,"date":"2024-05-14T10:36:48","date_gmt":"2024-05-14T10:36:48","guid":{"rendered":"https:\/\/curriculumly.com\/?p=3083"},"modified":"2024-05-14T10:44:31","modified_gmt":"2024-05-14T10:44:31","slug":"incluir-meses-curriculum-consejos-ejemplos","status":"publish","type":"post","link":"https:\/\/curriculumly.com\/pt\/incluir-meses-curriculum-consejos-ejemplos\/","title":{"rendered":"\u00bfDeber\u00edas Incluir los Meses en Tu Curr\u00edculum? Consejos y Ejemplos"},"content":{"rendered":"<p>\u00bfTe preguntas si necesitas incluir los meses en tu curr\u00edculum? No est\u00e1s solo. Redactar un curr\u00edculum efectivo puede ser un desaf\u00edo, y los buscadores de empleo a menudo encuentran varios obst\u00e1culos en el camino. Entre estos, la inclusi\u00f3n de los meses de empleo destaca como una preocupaci\u00f3n com\u00fan.<\/p>\n<p>Incluir los meses de empleo en tu curr\u00edculum es crucial para evitar confusiones o escepticismo por parte de los posibles empleadores. Adem\u00e1s, un formato incorrecto de estas fechas puede crear problemas, especialmente en c\u00f3mo el sistema de seguimiento de solicitantes (ATS) calcula tu experiencia. As\u00ed que, es esencial determinar si es necesario incluir los meses de empleo y, de ser as\u00ed, comprender el enfoque correcto para presentar estas fechas.<\/p>\n<p>En este art\u00edculo, profundizaremos en el tema de incluir los meses en el curr\u00edculum, proporcion\u00e1ndote informaci\u00f3n valiosa y ejemplos pr\u00e1cticos. Acomp\u00e1\u00f1anos a explorar los matices juntos y aseg\u00farate de que tu curr\u00edculum destaque con precisi\u00f3n y claridad.<\/p>\n<h2>La Regla General Sobre Incluir los Meses de Empleo<\/h2>\n<p><strong>Ejemplo:<\/strong><\/p>\n<p>Griff S.L. | Marzo 2019 &#8211; Abril 2021<br \/>\n<strong>vs.<\/strong><br \/>\nLondon S.L.| 2021 &#8211; 2024<\/p>\n<h3>\u00bfIncluir los Meses en tu curriculum?<\/h3>\n<p>Desde el inicio, abordemos la pregunta candente: \u00bfdeber\u00edas incluir los meses en tu curr\u00edculum profesional? Algunos expertos abogan por incluir siempre los meses, incluso si esto revela brechas en tu historial laboral.<\/p>\n<p><strong>\u00bfPor qu\u00e9?<\/strong> La raz\u00f3n es sencilla.<\/p>\n<p>Si solo enumeras los a\u00f1os de empleo, muchos empleadores podr\u00edan suponer que est\u00e1s intentando ocultar algo. Y en muchos casos, sus sospechas son justificadas. En el pasado, los buscadores de empleo optaban por omitir los meses de empleo para evitar preguntas sobre las brechas en su historial laboral. En su momento, podr\u00eda haber servido como una estrategia astuta para navegar el escrutinio potencial.<\/p>\n<p>Sin embargo, como muchas cosas, las estrategias evolucionan con el tiempo. Cada vez m\u00e1s personas han adoptado este enfoque, haci\u00e9ndolo menos efectivo. Por lo tanto, es crucial evaluar los riesgos y beneficios de incluir o excluir los meses de empleo en tu curr\u00edculum. En las siguientes secciones, exploraremos diferentes escenarios, proporcionaremos orientaci\u00f3n pr\u00e1ctica y te ayudaremos a tomar una decisi\u00f3n informada sobre este aspecto vital de tu curr\u00edculum.<\/p>\n<h3>O, No Incluir los Meses en tu curriculum<\/h3>\n<p>Existen argumentos v\u00e1lidos para no incluir los meses de empleo en tu curr\u00edculum. Esto significa que si te preguntas si puedes dejar fuera los meses en tu curr\u00edculum, la respuesta es \u201c\u00a1S\u00cd!\u201d<\/p>\n<p>Algunos profesionales argumentan que enfocarse \u00fanicamente en los a\u00f1os de empleo ayuda a simplificar el documento y atraer atenci\u00f3n hacia tu experiencia y logros generales.<\/p>\n<p>Omitiendo los meses espec\u00edficos, puedes evitar llamar la atenci\u00f3n innecesariamente sobre posiciones de corta duraci\u00f3n o per\u00edodos breves de empleo que podr\u00edan no ser relevantes para tus objetivos de carrera actuales. Este enfoque te permite presentar un curr\u00edculum m\u00e1s conciso e impactante, destacando la calidad y profundidad de tu experiencia profesional en lugar de enredarte en los detalles de las fechas.<\/p>\n<h3>Hablando de Per\u00edodos Cortos de Empleo<\/h3>\n<p>Es esencial recordar que tu curr\u00edculum no es un dep\u00f3sito para cada trabajo que has tenido. M\u00e1s bien, sirve como un documento de marketing de carrera enfocado a un trabajo o industria espec\u00edfica. Es crucial priorizar la historia laboral relevante que muestre tus habilidades, logros y experiencias m\u00e1s alineadas con tus objetivos de carrera actuales.<\/p>\n<p>Incluir cada trabajo, independientemente de su relevancia, puede abarrotar tu curr\u00edculum y diluir su impacto. En cambio, enf\u00f3cate en seleccionar posiciones que resalten habilidades transferibles, conocimientos espec\u00edficos de la industria y logros notables. Al curar tu historial laboral de esta manera, presentas una narrativa cohesiva a los empleadores potenciales y demuestras tu idoneidad para el rol deseado.<\/p>\n<h3>Brechas en el Historial de Empleo: No Todas las Brechas Son Iguales<\/h3>\n<p>Cuando se trata de listar los meses de empleo en tu curr\u00edculum, cualquier brecha en tu historial laboral ser\u00e1 notable. Sin embargo, es importante entender c\u00f3mo los empleadores perciben estas brechas y c\u00f3mo abordarlas adecuadamente.<\/p>\n<p>Primero, pongamos las cosas en claro. No todas las brechas de empleo son creadas iguales. Por ejemplo, una brecha de tres meses generalmente se considera como el tiempo que toma encontrar un nuevo trabajo y probablemente no ser\u00e1 percibida como una preocupaci\u00f3n significativa por los empleadores. Por otro lado, las brechas que se extienden a nueve meses o m\u00e1s tienden a levantar cejas. Con esto en mente, es crucial abordar el tema de las brechas de empleo con transparencia y narrativa estrat\u00e9gica.<\/p>\n<p>La clave est\u00e1 en ser directo y honesto en tu presentaci\u00f3n. Si experimentaste una breve brecha de tres meses y enfrentaste desaf\u00edos para conseguir entrevistas durante ese tiempo, es aceptable mencionarlo. Por otro lado, si tomaste un a\u00f1o libre para cuidar a un familiar enfermo o para buscar capacitaci\u00f3n en habilidades adicionales, aseg\u00farate de comunicar estas razones a los posibles empleadores.<\/p>\n<p>Recuerda, a los empleadores a menudo les interesa m\u00e1s el valor que puedes aportar a la mesa como empleado. Si el resto de tu curr\u00edculum muestra tus habilidades, logros y calificaciones de manera efectiva, tu explicaci\u00f3n para la brecha en el historial de trabajo probablemente ser\u00e1 suficiente para aliviar cualquier preocupaci\u00f3n importante.<\/p>\n<h3>Abordar las Brechas de Empleo: Convertir Desaf\u00edos en Oportunidades<\/h3>\n<p>Enfrentar una brecha de empleo en tu curr\u00edculum puede ser una perspectiva desalentadora, pero con el enfoque correcto, puedes transformarlo en una oportunidad para mostrar tus fortalezas y resiliencia.<\/p>\n<p>Aqu\u00ed hay algunas estrategias para ayudarte a abordar las brechas de empleo de manera efectiva:<\/p>\n<ul>\n<li><strong>S\u00e9 honesto y directo:<\/strong> Al discutir tu brecha de empleo, s\u00e9 transparente sobre las razones sin compartir detalles personales en exceso. Explica brevemente cualquier evento significativo de la vida, como responsabilidades de cuidado, esfuerzos de desarrollo personal o exploraci\u00f3n de carrera.<\/li>\n<li><strong>Destaca habilidades transferibles:<\/strong> Enfatiza cualquier habilidad o experiencia relevante adquirida durante el per\u00edodo de la brecha. \u00bfParticipaste en trabajo independiente, actividades voluntarias o tomaste cursos en l\u00ednea? Mostrar estas experiencias demuestra tu compromiso con el aprendizaje continuo y el crecimiento profesional.<\/li>\n<li><strong>Llena la brecha con experiencias relevantes:<\/strong> Si es posible, considera incluir proyectos relevantes, pasant\u00edas, trabajo independiente o roles de medio tiempo que hayas asumido durante el per\u00edodo de la brecha. Esto demuestra tu enfoque proactivo y ayuda a cerrar la l\u00ednea de tiempo.<\/li>\n<li><strong>Aborda la brecha en tu carta de presentaci\u00f3n:<\/strong> Usa tu carta de presentaci\u00f3n para abordar brevemente la brecha de empleo y enmarcarla positivamente. Conc\u00e9ntrate en c\u00f3mo el tiempo libre te permiti\u00f3 obtener nuevas perspectivas, mejorar tus habilidades o aclarar tus objetivos de carrera.<\/li>\n<li><strong>Redes y desarrollo profesional:<\/strong> Mantente activo en tu industria durante el per\u00edodo de la brecha asistiendo a eventos de networking, uni\u00e9ndote a asociaciones profesionales o participando en talleres relevantes. Esto muestra tu dedicaci\u00f3n y compromiso con mantener conexiones y estar actualizado.<\/li>\n<\/ul>\n<blockquote><p>PUNTO CLAVE<\/p>\n<p>La honestidad tiene un gran valor en cualquier esfuerzo de b\u00fasqueda de empleo. \u00a1Por eso siempre debes listar los meses de empleo en tu curr\u00edculum!<\/p><\/blockquote>\n<h3>Listar los Meses de Empleo en el Curr\u00edculum de la Manera Correcta<\/h3>\n<p>Si has decidido que deber\u00edas listar los meses en tu curr\u00edculum, es hora de abordar otra preocupaci\u00f3n importante: el formato. No es suficiente solo listar esos meses y a\u00f1os; necesitas saber c\u00f3mo listar las fechas en tu curr\u00edculum. Aqu\u00ed tienes algunos consejos simples para ayudarte con ese formato, as\u00ed como un ejemplo para mostrarte c\u00f3mo deber\u00eda verse.<\/p>\n<ul>\n<li>Alinea tus fechas de empleo a la derecha y usa texto en negrita para el formato de mes y a\u00f1o en tu curr\u00edculum.<\/li>\n<li>Si tuviste varios puestos en una misma empresa, lista las fechas para cada uno. Despl\u00e1zalas ligeramente a la derecha y usa un formato de texto normal.<\/li>\n<li>Cuando agregues meses en un curr\u00edculum, deletrea el nombre del mes. Como regla general, no deber\u00edas abreviar los meses en un curr\u00edculum.<\/li>\n<li>Si decides poner solo los a\u00f1os en tu curr\u00edculum, s\u00e9 consistente.<\/li>\n<li>No intentes ocultar brechas. Lista los meses y a\u00f1os para cada trabajo y posici\u00f3n.<\/li>\n<li>Revisa tus fechas dos veces para asegurarte de que no hay errores inadvertidos.<\/li>\n<\/ul>\n<p><strong>Ejemplo: listando los meses de empleo en un curr\u00edculum:<\/strong><\/p>\n<p><em><strong>Cargo | Empresa | Junio 2016 &#8211; Enero 2020<\/strong><\/em><\/p>\n<p><em>Inserta una descripci\u00f3n de la empresa aqu\u00ed<\/em><\/p>\n<p><strong><em>Product Owner | Abril\u00a0 2017 \u2013 Octubre\u00a0 2021<\/em><\/strong><\/p>\n<p><em>Describe el rol laboral y los logros aqu\u00ed<\/em><\/p>\n<p><em><strong>Key Account Manager | Febrero 2015 \u2013 Mayo 2019<\/strong><\/em><\/p>\n<p><em>Describe el rol laboral y los logros aqu\u00ed<\/em><\/p>\n<p><em><strong>CFO\u00a0 | Mayo 2019 \u2013 Marzo 2024<\/strong><\/em><\/p>\n<p><em>Describe el rol laboral y los logros aqu\u00ed<\/em><\/p>\n<h3>Presentando un Historial de Empleo Claro<\/h3>\n<p>Al llegar al final de este art\u00edculo, es crucial enfatizar el valor de usar meses en tu curr\u00edculum para presentar un historial de empleo claro y completo a los empleadores potenciales. Si bien algunos pueden argumentar en contra de listar los meses de empleo o minimizar su importancia, nuestra exploraci\u00f3n ha revelado la significancia de incluir este nivel de detalle.<\/p>\n<p>Al listar los meses de empleo, proporcionas transparencia y eliminas el escepticismo potencial de los empleadores que pueden sospechar brechas ocultas o inconsistencias. Formatear correctamente las fechas muestra tu atenci\u00f3n al detalle y profesionalismo, infundiendo confianza en tu candidatura.<\/p>\n<p>Adem\u00e1s, incluir meses en tu curr\u00edculum permite que el sistema de seguimiento de solicitantes (ATS) calcule con precisi\u00f3n tu experiencia, asegurando que tus calificaciones se alineen con los requisitos del puesto. Esta optimizaci\u00f3n aumenta tus posibilidades de pasar el proceso de selecci\u00f3n inicial y obtener entrevistas.<\/p>\n<p>En \u00faltima instancia, un curr\u00edculum bien elaborado que incluya los meses de empleo asegura claridad, genera confianza y comunica efectivamente tus calificaciones a los empleadores potenciales. Al seguir las pautas e informaci\u00f3n compartida en este art\u00edculo, puedes navegar con confianza las complejidades de la redacci\u00f3n de curr\u00edculums y presentarte como un candidato destacado en el competitivo mercado laboral.<\/p>\n<p>\u00a1Buena suerte mientras creas un curr\u00edculum convincente que impulse tu carrera hacia adelante!<\/p>\n<p><strong>\u00bfListo para crear un curr\u00edculum destacado que presente un historial de empleo claro? \u00a1Deja que <a href=\"https:\/\/curriculumly.com\/pt\/redaccion-de-curriculum\/\">nuestros servicios profesionales de redacci\u00f3n de curr\u00edculums<\/a> te ayuden a conseguir el trabajo de tus sue\u00f1os!<\/strong><\/p>","protected":false},"excerpt":{"rendered":"<p>\u00bfTe preguntas si necesitas incluir los meses en tu curr\u00edculum? No est\u00e1s solo. Redactar un curr\u00edculum efectivo puede ser un desaf\u00edo, y los buscadores de empleo a menudo encuentran varios obst\u00e1culos en el camino. Entre estos, la inclusi\u00f3n de los meses de empleo destaca como una preocupaci\u00f3n com\u00fan. Incluir los meses de empleo en tu [&hellip;]<\/p>\n","protected":false},"author":1,"featured_media":3085,"comment_status":"open","ping_status":"closed","sticky":false,"template":"","format":"standard","meta":{"_monsterinsights_skip_tracking":false,"_monsterinsights_sitenote_active":false,"_monsterinsights_sitenote_note":"","_monsterinsights_sitenote_category":0,"site-sidebar-layout":"default","site-content-layout":"","ast-site-content-layout":"default","site-content-style":"default","site-sidebar-style":"default","ast-global-header-display":"","ast-banner-title-visibility":"","ast-main-header-display":"","ast-hfb-above-header-display":"","ast-hfb-below-header-display":"","ast-hfb-mobile-header-display":"","site-post-title":"","ast-breadcrumbs-content":"","ast-featured-img":"","footer-sml-layout":"","ast-disable-related-posts":"","theme-transparent-header-meta":"default","adv-header-id-meta":"","stick-header-meta":"","header-above-stick-meta":"","header-main-stick-meta":"","header-below-stick-meta":"","astra-migrate-meta-layouts":"set","ast-page-background-enabled":"default","ast-page-background-meta":{"desktop":{"background-color":"","background-image":"","background-repeat":"repeat","background-position":"center center","background-size":"auto","background-attachment":"scroll","background-type":"","background-media":"","overlay-type":"","overlay-color":"","overlay-opacity":"","overlay-gradient":""},"tablet":{"background-color":"","background-image":"","background-repeat":"repeat","background-position":"center center","background-size":"auto","background-attachment":"scroll","background-type":"","background-media":"","overlay-type":"","overlay-color":"","overlay-opacity":"","overlay-gradient":""},"mobile":{"background-color":"","background-image":"","background-repeat":"repeat","background-position":"center center","background-size":"auto","background-attachment":"scroll","background-type":"","background-media":"","overlay-type":"","overlay-color":"","overlay-opacity":"","overlay-gradient":""}},"ast-content-background-meta":{"desktop":{"background-color":"var(--ast-global-color-5)","background-image":"","background-repeat":"repeat","background-position":"center center","background-size":"auto","background-attachment":"scroll","background-type":"","background-media":"","overlay-type":"","overlay-color":"","overlay-opacity":"","overlay-gradient":""},"tablet":{"background-color":"var(--ast-global-color-5)","background-image":"","background-repeat":"repeat","background-position":"center center","background-size":"auto","background-attachment":"scroll","background-type":"","background-media":"","overlay-type":"","overlay-color":"","overlay-opacity":"","overlay-gradient":""},"mobile":{"background-color":"var(--ast-global-color-5)","background-image":"","background-repeat":"repeat","background-position":"center center","background-size":"auto","background-attachment":"scroll","background-type":"","background-media":"","overlay-type":"","overlay-color":"","overlay-opacity":"","overlay-gradient":""}},"footnotes":""},"categories":[1],"tags":[],"class_list":["post-3083","post","type-post","status-publish","format-standard","has-post-thumbnail","hentry","category-uncategorized"],"yoast_head":"<!-- This site is optimized with the Yoast SEO plugin v27.4 - https:\/\/yoast.com\/product\/yoast-seo-wordpress\/ -->\n<title>\u00bfDeber\u00edas Incluir los Meses en Tu Curr\u00edculum? Consejos y Ejemplos<\/title>\n<meta name=\"description\" content=\"Descubre si debes incluir los meses en tu curr\u00edculum con nuestra gu\u00eda experta. Consejos pr\u00e1cticos, ejemplos\" \/>\n<meta name=\"robots\" content=\"index, follow, max-snippet:-1, max-image-preview:large, max-video-preview:-1\" \/>\n<link rel=\"canonical\" href=\"https:\/\/curriculumly.com\/pt\/incluir-meses-curriculum-consejos-ejemplos\/\" \/>\n<meta property=\"og:locale\" content=\"pt_BR\" \/>\n<meta property=\"og:type\" content=\"article\" \/>\n<meta property=\"og:title\" content=\"\u00bfDeber\u00edas Incluir los Meses en Tu Curr\u00edculum? Consejos y Ejemplos\" \/>\n<meta property=\"og:description\" content=\"Descubre si debes incluir los meses en tu curr\u00edculum con nuestra gu\u00eda experta. Consejos pr\u00e1cticos, ejemplos\" \/>\n<meta property=\"og:url\" content=\"https:\/\/curriculumly.com\/pt\/incluir-meses-curriculum-consejos-ejemplos\/\" \/>\n<meta property=\"og:site_name\" content=\"Curr&iacute;culumLy\" \/>\n<meta property=\"article:publisher\" content=\"https:\/\/www.facebook.com\/curriculumly\" \/>\n<meta property=\"article:published_time\" content=\"2024-05-14T10:36:48+00:00\" \/>\n<meta property=\"article:modified_time\" content=\"2024-05-14T10:44:31+00:00\" \/>\n<meta property=\"og:image\" content=\"https:\/\/curriculumly.com\/wp-content\/uploads\/2024\/05\/Incluir-los-meses-en-tu-Curriculum-1024x576.png\" \/>\n\t<meta property=\"og:image:width\" content=\"1024\" \/>\n\t<meta property=\"og:image:height\" content=\"576\" \/>\n\t<meta property=\"og:image:type\" content=\"image\/png\" \/>\n<meta name=\"author\" content=\"Isaac Mercad\u00e9\" \/>\n<meta name=\"twitter:card\" content=\"summary_large_image\" \/>\n<meta name=\"twitter:label1\" content=\"Escrito por\" \/>\n\t<meta name=\"twitter:data1\" content=\"Isaac Mercad\u00e9\" \/>\n\t<meta name=\"twitter:label2\" content=\"Est. tempo de leitura\" \/>\n\t<meta name=\"twitter:data2\" content=\"8 minutos\" \/>\n<script type=\"application\/ld+json\" class=\"yoast-schema-graph\">{\"@context\":\"https:\\\/\\\/schema.org\",\"@graph\":[{\"@type\":\"Article\",\"@id\":\"https:\\\/\\\/curriculumly.com\\\/incluir-meses-curriculum-consejos-ejemplos\\\/#article\",\"isPartOf\":{\"@id\":\"https:\\\/\\\/curriculumly.com\\\/incluir-meses-curriculum-consejos-ejemplos\\\/\"},\"author\":{\"name\":\"Isaac Mercad\u00e9\",\"@id\":\"https:\\\/\\\/curriculumly.com\\\/#\\\/schema\\\/person\\\/87e032fb7b0837ff5ae18d55ab5b44b1\"},\"headline\":\"\u00bfDeber\u00edas Incluir los Meses en Tu Curr\u00edculum? Consejos y Ejemplos\",\"datePublished\":\"2024-05-14T10:36:48+00:00\",\"dateModified\":\"2024-05-14T10:44:31+00:00\",\"mainEntityOfPage\":{\"@id\":\"https:\\\/\\\/curriculumly.com\\\/incluir-meses-curriculum-consejos-ejemplos\\\/\"},\"wordCount\":1752,\"commentCount\":0,\"publisher\":{\"@id\":\"https:\\\/\\\/curriculumly.com\\\/#organization\"},\"image\":{\"@id\":\"https:\\\/\\\/curriculumly.com\\\/incluir-meses-curriculum-consejos-ejemplos\\\/#primaryimage\"},\"thumbnailUrl\":\"https:\\\/\\\/curriculumly.com\\\/wp-content\\\/uploads\\\/2024\\\/05\\\/Incluir-los-meses-en-tu-Curriculum.png\",\"articleSection\":[\"Uncategorized\"],\"inLanguage\":\"pt-BR\",\"potentialAction\":[{\"@type\":\"CommentAction\",\"name\":\"Comment\",\"target\":[\"https:\\\/\\\/curriculumly.com\\\/incluir-meses-curriculum-consejos-ejemplos\\\/#respond\"]}]},{\"@type\":\"WebPage\",\"@id\":\"https:\\\/\\\/curriculumly.com\\\/incluir-meses-curriculum-consejos-ejemplos\\\/\",\"url\":\"https:\\\/\\\/curriculumly.com\\\/incluir-meses-curriculum-consejos-ejemplos\\\/\",\"name\":\"\u00bfDeber\u00edas Incluir los Meses en Tu Curr\u00edculum? Consejos y Ejemplos\",\"isPartOf\":{\"@id\":\"https:\\\/\\\/curriculumly.com\\\/#website\"},\"primaryImageOfPage\":{\"@id\":\"https:\\\/\\\/curriculumly.com\\\/incluir-meses-curriculum-consejos-ejemplos\\\/#primaryimage\"},\"image\":{\"@id\":\"https:\\\/\\\/curriculumly.com\\\/incluir-meses-curriculum-consejos-ejemplos\\\/#primaryimage\"},\"thumbnailUrl\":\"https:\\\/\\\/curriculumly.com\\\/wp-content\\\/uploads\\\/2024\\\/05\\\/Incluir-los-meses-en-tu-Curriculum.png\",\"datePublished\":\"2024-05-14T10:36:48+00:00\",\"dateModified\":\"2024-05-14T10:44:31+00:00\",\"description\":\"Descubre si debes incluir los meses en tu curr\u00edculum con nuestra gu\u00eda experta. Consejos pr\u00e1cticos, ejemplos\",\"breadcrumb\":{\"@id\":\"https:\\\/\\\/curriculumly.com\\\/incluir-meses-curriculum-consejos-ejemplos\\\/#breadcrumb\"},\"inLanguage\":\"pt-BR\",\"potentialAction\":[{\"@type\":\"ReadAction\",\"target\":[\"https:\\\/\\\/curriculumly.com\\\/incluir-meses-curriculum-consejos-ejemplos\\\/\"]}]},{\"@type\":\"ImageObject\",\"inLanguage\":\"pt-BR\",\"@id\":\"https:\\\/\\\/curriculumly.com\\\/incluir-meses-curriculum-consejos-ejemplos\\\/#primaryimage\",\"url\":\"https:\\\/\\\/curriculumly.com\\\/wp-content\\\/uploads\\\/2024\\\/05\\\/Incluir-los-meses-en-tu-Curriculum.png\",\"contentUrl\":\"https:\\\/\\\/curriculumly.com\\\/wp-content\\\/uploads\\\/2024\\\/05\\\/Incluir-los-meses-en-tu-Curriculum.png\",\"width\":2240,\"height\":1260,\"caption\":\"Incluir los meses en tu Curr\u00edculum\"},{\"@type\":\"BreadcrumbList\",\"@id\":\"https:\\\/\\\/curriculumly.com\\\/incluir-meses-curriculum-consejos-ejemplos\\\/#breadcrumb\",\"itemListElement\":[{\"@type\":\"ListItem\",\"position\":1,\"name\":\"Portada\",\"item\":\"https:\\\/\\\/curriculumly.com\\\/\"},{\"@type\":\"ListItem\",\"position\":2,\"name\":\"\u00bfDeber\u00edas Incluir los Meses en Tu Curr\u00edculum? Consejos y Ejemplos\"}]},{\"@type\":\"WebSite\",\"@id\":\"https:\\\/\\\/curriculumly.com\\\/#website\",\"url\":\"https:\\\/\\\/curriculumly.com\\\/\",\"name\":\"Curr&iacute;culumLy\",\"description\":\"Redacci&oacute;n Profesional de Curr&iacute;culum | Encuentra el Trabajo que buscas\",\"publisher\":{\"@id\":\"https:\\\/\\\/curriculumly.com\\\/#organization\"},\"potentialAction\":[{\"@type\":\"SearchAction\",\"target\":{\"@type\":\"EntryPoint\",\"urlTemplate\":\"https:\\\/\\\/curriculumly.com\\\/?s={search_term_string}\"},\"query-input\":{\"@type\":\"PropertyValueSpecification\",\"valueRequired\":true,\"valueName\":\"search_term_string\"}}],\"inLanguage\":\"pt-BR\"},{\"@type\":\"Organization\",\"@id\":\"https:\\\/\\\/curriculumly.com\\\/#organization\",\"name\":\"CurriculumLy\",\"url\":\"https:\\\/\\\/curriculumly.com\\\/\",\"logo\":{\"@type\":\"ImageObject\",\"inLanguage\":\"pt-BR\",\"@id\":\"https:\\\/\\\/curriculumly.com\\\/#\\\/schema\\\/logo\\\/image\\\/\",\"url\":\"https:\\\/\\\/curriculumly.com\\\/wp-content\\\/uploads\\\/2022\\\/07\\\/LOGO-CV.jpg\",\"contentUrl\":\"https:\\\/\\\/curriculumly.com\\\/wp-content\\\/uploads\\\/2022\\\/07\\\/LOGO-CV.jpg\",\"width\":990,\"height\":227,\"caption\":\"CurriculumLy\"},\"image\":{\"@id\":\"https:\\\/\\\/curriculumly.com\\\/#\\\/schema\\\/logo\\\/image\\\/\"},\"sameAs\":[\"https:\\\/\\\/www.facebook.com\\\/curriculumly\",\"https:\\\/\\\/www.instagram.com\\\/curriculumly\\\/\",\"https:\\\/\\\/www.linkedin.com\\\/company\\\/curriculumly\\\/\"]},{\"@type\":\"Person\",\"@id\":\"https:\\\/\\\/curriculumly.com\\\/#\\\/schema\\\/person\\\/87e032fb7b0837ff5ae18d55ab5b44b1\",\"name\":\"Isaac Mercad\u00e9\",\"image\":{\"@type\":\"ImageObject\",\"inLanguage\":\"pt-BR\",\"@id\":\"https:\\\/\\\/secure.gravatar.com\\\/avatar\\\/58bf85349dcf1b6becc42cff9e4450446efcaaacb2cb507cf0a48a7ddcc6a1cf?s=96&d=mm&r=g\",\"url\":\"https:\\\/\\\/secure.gravatar.com\\\/avatar\\\/58bf85349dcf1b6becc42cff9e4450446efcaaacb2cb507cf0a48a7ddcc6a1cf?s=96&d=mm&r=g\",\"contentUrl\":\"https:\\\/\\\/secure.gravatar.com\\\/avatar\\\/58bf85349dcf1b6becc42cff9e4450446efcaaacb2cb507cf0a48a7ddcc6a1cf?s=96&d=mm&r=g\",\"caption\":\"Isaac Mercad\u00e9\"},\"sameAs\":[\"https:\\\/\\\/curriculumly.com\"],\"url\":\"https:\\\/\\\/curriculumly.com\\\/pt\\\/author\\\/admin\\\/\"}]}<\/script>\n<!-- \/ Yoast SEO plugin. -->","yoast_head_json":{"title":"\u00bfDeber\u00edas Incluir los Meses en Tu Curr\u00edculum? Consejos y Ejemplos","description":"Descubre si debes incluir los meses en tu curr\u00edculum con nuestra gu\u00eda experta. Consejos pr\u00e1cticos, ejemplos","robots":{"index":"index","follow":"follow","max-snippet":"max-snippet:-1","max-image-preview":"max-image-preview:large","max-video-preview":"max-video-preview:-1"},"canonical":"https:\/\/curriculumly.com\/pt\/incluir-meses-curriculum-consejos-ejemplos\/","og_locale":"pt_BR","og_type":"article","og_title":"\u00bfDeber\u00edas Incluir los Meses en Tu Curr\u00edculum? Consejos y Ejemplos","og_description":"Descubre si debes incluir los meses en tu curr\u00edculum con nuestra gu\u00eda experta. Consejos pr\u00e1cticos, ejemplos","og_url":"https:\/\/curriculumly.com\/pt\/incluir-meses-curriculum-consejos-ejemplos\/","og_site_name":"Curr&iacute;culumLy","article_publisher":"https:\/\/www.facebook.com\/curriculumly","article_published_time":"2024-05-14T10:36:48+00:00","article_modified_time":"2024-05-14T10:44:31+00:00","og_image":[{"width":1024,"height":576,"url":"https:\/\/curriculumly.com\/wp-content\/uploads\/2024\/05\/Incluir-los-meses-en-tu-Curriculum-1024x576.png","type":"image\/png"}],"author":"Isaac Mercad\u00e9","twitter_card":"summary_large_image","twitter_misc":{"Escrito por":"Isaac Mercad\u00e9","Est. tempo de leitura":"8 minutos"},"schema":{"@context":"https:\/\/schema.org","@graph":[{"@type":"Article","@id":"https:\/\/curriculumly.com\/incluir-meses-curriculum-consejos-ejemplos\/#article","isPartOf":{"@id":"https:\/\/curriculumly.com\/incluir-meses-curriculum-consejos-ejemplos\/"},"author":{"name":"Isaac Mercad\u00e9","@id":"https:\/\/curriculumly.com\/#\/schema\/person\/87e032fb7b0837ff5ae18d55ab5b44b1"},"headline":"\u00bfDeber\u00edas Incluir los Meses en Tu Curr\u00edculum? Consejos y Ejemplos","datePublished":"2024-05-14T10:36:48+00:00","dateModified":"2024-05-14T10:44:31+00:00","mainEntityOfPage":{"@id":"https:\/\/curriculumly.com\/incluir-meses-curriculum-consejos-ejemplos\/"},"wordCount":1752,"commentCount":0,"publisher":{"@id":"https:\/\/curriculumly.com\/#organization"},"image":{"@id":"https:\/\/curriculumly.com\/incluir-meses-curriculum-consejos-ejemplos\/#primaryimage"},"thumbnailUrl":"https:\/\/curriculumly.com\/wp-content\/uploads\/2024\/05\/Incluir-los-meses-en-tu-Curriculum.png","articleSection":["Uncategorized"],"inLanguage":"pt-BR","potentialAction":[{"@type":"CommentAction","name":"Comment","target":["https:\/\/curriculumly.com\/incluir-meses-curriculum-consejos-ejemplos\/#respond"]}]},{"@type":"WebPage","@id":"https:\/\/curriculumly.com\/incluir-meses-curriculum-consejos-ejemplos\/","url":"https:\/\/curriculumly.com\/incluir-meses-curriculum-consejos-ejemplos\/","name":"\u00bfDeber\u00edas Incluir los Meses en Tu Curr\u00edculum? Consejos y Ejemplos","isPartOf":{"@id":"https:\/\/curriculumly.com\/#website"},"primaryImageOfPage":{"@id":"https:\/\/curriculumly.com\/incluir-meses-curriculum-consejos-ejemplos\/#primaryimage"},"image":{"@id":"https:\/\/curriculumly.com\/incluir-meses-curriculum-consejos-ejemplos\/#primaryimage"},"thumbnailUrl":"https:\/\/curriculumly.com\/wp-content\/uploads\/2024\/05\/Incluir-los-meses-en-tu-Curriculum.png","datePublished":"2024-05-14T10:36:48+00:00","dateModified":"2024-05-14T10:44:31+00:00","description":"Descubre si debes incluir los meses en tu curr\u00edculum con nuestra gu\u00eda experta. Consejos pr\u00e1cticos, ejemplos","breadcrumb":{"@id":"https:\/\/curriculumly.com\/incluir-meses-curriculum-consejos-ejemplos\/#breadcrumb"},"inLanguage":"pt-BR","potentialAction":[{"@type":"ReadAction","target":["https:\/\/curriculumly.com\/incluir-meses-curriculum-consejos-ejemplos\/"]}]},{"@type":"ImageObject","inLanguage":"pt-BR","@id":"https:\/\/curriculumly.com\/incluir-meses-curriculum-consejos-ejemplos\/#primaryimage","url":"https:\/\/curriculumly.com\/wp-content\/uploads\/2024\/05\/Incluir-los-meses-en-tu-Curriculum.png","contentUrl":"https:\/\/curriculumly.com\/wp-content\/uploads\/2024\/05\/Incluir-los-meses-en-tu-Curriculum.png","width":2240,"height":1260,"caption":"Incluir los meses en tu Curr\u00edculum"},{"@type":"BreadcrumbList","@id":"https:\/\/curriculumly.com\/incluir-meses-curriculum-consejos-ejemplos\/#breadcrumb","itemListElement":[{"@type":"ListItem","position":1,"name":"Portada","item":"https:\/\/curriculumly.com\/"},{"@type":"ListItem","position":2,"name":"\u00bfDeber\u00edas Incluir los Meses en Tu Curr\u00edculum? Consejos y Ejemplos"}]},{"@type":"WebSite","@id":"https:\/\/curriculumly.com\/#website","url":"https:\/\/curriculumly.com\/","name":"Curr&iacute;culumLy","description":"Redacci&oacute;n Profesional de Curr&iacute;culum | Encuentra el Trabajo que buscas","publisher":{"@id":"https:\/\/curriculumly.com\/#organization"},"potentialAction":[{"@type":"SearchAction","target":{"@type":"EntryPoint","urlTemplate":"https:\/\/curriculumly.com\/?s={search_term_string}"},"query-input":{"@type":"PropertyValueSpecification","valueRequired":true,"valueName":"search_term_string"}}],"inLanguage":"pt-BR"},{"@type":"Organization","@id":"https:\/\/curriculumly.com\/#organization","name":"CurriculumLy","url":"https:\/\/curriculumly.com\/","logo":{"@type":"ImageObject","inLanguage":"pt-BR","@id":"https:\/\/curriculumly.com\/#\/schema\/logo\/image\/","url":"https:\/\/curriculumly.com\/wp-content\/uploads\/2022\/07\/LOGO-CV.jpg","contentUrl":"https:\/\/curriculumly.com\/wp-content\/uploads\/2022\/07\/LOGO-CV.jpg","width":990,"height":227,"caption":"CurriculumLy"},"image":{"@id":"https:\/\/curriculumly.com\/#\/schema\/logo\/image\/"},"sameAs":["https:\/\/www.facebook.com\/curriculumly","https:\/\/www.instagram.com\/curriculumly\/","https:\/\/www.linkedin.com\/company\/curriculumly\/"]},{"@type":"Person","@id":"https:\/\/curriculumly.com\/#\/schema\/person\/87e032fb7b0837ff5ae18d55ab5b44b1","name":"Isaac Mercad\u00e9","image":{"@type":"ImageObject","inLanguage":"pt-BR","@id":"https:\/\/secure.gravatar.com\/avatar\/58bf85349dcf1b6becc42cff9e4450446efcaaacb2cb507cf0a48a7ddcc6a1cf?s=96&d=mm&r=g","url":"https:\/\/secure.gravatar.com\/avatar\/58bf85349dcf1b6becc42cff9e4450446efcaaacb2cb507cf0a48a7ddcc6a1cf?s=96&d=mm&r=g","contentUrl":"https:\/\/secure.gravatar.com\/avatar\/58bf85349dcf1b6becc42cff9e4450446efcaaacb2cb507cf0a48a7ddcc6a1cf?s=96&d=mm&r=g","caption":"Isaac Mercad\u00e9"},"sameAs":["https:\/\/curriculumly.com"],"url":"https:\/\/curriculumly.com\/pt\/author\/admin\/"}]}},"_links":{"self":[{"href":"https:\/\/curriculumly.com\/pt\/wp-json\/wp\/v2\/posts\/3083","targetHints":{"allow":["GET"]}}],"collection":[{"href":"https:\/\/curriculumly.com\/pt\/wp-json\/wp\/v2\/posts"}],"about":[{"href":"https:\/\/curriculumly.com\/pt\/wp-json\/wp\/v2\/types\/post"}],"author":[{"embeddable":true,"href":"https:\/\/curriculumly.com\/pt\/wp-json\/wp\/v2\/users\/1"}],"replies":[{"embeddable":true,"href":"https:\/\/curriculumly.com\/pt\/wp-json\/wp\/v2\/comments?post=3083"}],"version-history":[{"count":3,"href":"https:\/\/curriculumly.com\/pt\/wp-json\/wp\/v2\/posts\/3083\/revisions"}],"predecessor-version":[{"id":3087,"href":"https:\/\/curriculumly.com\/pt\/wp-json\/wp\/v2\/posts\/3083\/revisions\/3087"}],"wp:featuredmedia":[{"embeddable":true,"href":"https:\/\/curriculumly.com\/pt\/wp-json\/wp\/v2\/media\/3085"}],"wp:attachment":[{"href":"https:\/\/curriculumly.com\/pt\/wp-json\/wp\/v2\/media?parent=3083"}],"wp:term":[{"taxonomy":"category","embeddable":true,"href":"https:\/\/curriculumly.com\/pt\/wp-json\/wp\/v2\/categories?post=3083"},{"taxonomy":"post_tag","embeddable":true,"href":"https:\/\/curriculumly.com\/pt\/wp-json\/wp\/v2\/tags?post=3083"}],"curies":[{"name":"wp","href":"https:\/\/api.w.org\/{rel}","templated":true}]}}